{"id":318,"date":"2023-08-22T11:54:23","date_gmt":"2023-08-22T09:54:23","guid":{"rendered":"http:\/\/cydrchyliczki.pl\/?p=318"},"modified":"2023-09-07T23:33:44","modified_gmt":"2023-09-07T21:33:44","slug":"szara-i-zlota-renata","status":"publish","type":"post","link":"https:\/\/cydrchyliczki.pl\/?p=318","title":{"rendered":"Szara i Z\u0142ota Renata 0,75l"},"content":{"rendered":"\t\t<div data-elementor-type=\"wp-post\" data-elementor-id=\"318\" class=\"elementor elementor-318\">\n\t\t\t\t\t\t\t\t\t<section class=\"elementor-section elementor-top-section elementor-element elementor-element-cca8e45 elementor-section-boxed elementor-section-height-default elementor-section-height-default\" data-id=\"cca8e45\" data-element_type=\"section\">\n\t\t\t\t\t\t<div class=\"elementor-container elementor-column-gap-default\">\n\t\t\t\t\t<div class=\"elementor-column elementor-col-100 elementor-top-column elementor-element elementor-element-f988fb3\" data-id=\"f988fb3\" data-element_type=\"column\">\n\t\t\t<div class=\"elementor-widget-wrap elementor-element-populated\">\n\t\t\t\t\t\t\t\t<div class=\"elementor-element elementor-element-f9f9735 elementor-widget elementor-widget-spacer\" data-id=\"f9f9735\" data-element_type=\"widget\" data-widget_type=\"spacer.default\">\n\t\t\t\t<div class=\"elementor-widget-container\">\n\t\t\t\t\t<div class=\"elementor-spacer\">\n\t\t\t<div class=\"elementor-spacer-inner\"><\/div>\n\t\t<\/div>\n\t\t\t\t<\/div>\n\t\t\t\t<\/div>\n\t\t\t\t\t<\/div>\n\t\t<\/div>\n\t\t\t\t\t\t\t<\/div>\n\t\t<\/section>\n\t\t\t\t<section class=\"elementor-section elementor-top-section elementor-element elementor-element-391f80c elementor-section-boxed elementor-section-height-default elementor-section-height-default\" data-id=\"391f80c\" data-element_type=\"section\">\n\t\t\t\t\t\t<div class=\"elementor-container elementor-column-gap-default\">\n\t\t\t\t\t<div class=\"elementor-column elementor-col-100 elementor-top-column elementor-element elementor-element-21f8019\" data-id=\"21f8019\" data-element_type=\"column\">\n\t\t\t<div class=\"elementor-widget-wrap elementor-element-populated\">\n\t\t\t\t\t\t\t\t<div class=\"elementor-element elementor-element-47a9dff elementor-widget elementor-widget-heading\" data-id=\"47a9dff\" data-element_type=\"widget\" data-widget_type=\"heading.default\">\n\t\t\t\t<div class=\"elementor-widget-container\">\n\t\t\t<h2 class=\"elementor-heading-title elementor-size-default\">SZARA & Z\u0141OTA RENETA 0,75 L\n<\/h2>\t\t<\/div>\n\t\t\t\t<\/div>\n\t\t\t\t<div class=\"elementor-element elementor-element-ea1b4da elementor-widget elementor-widget-heading\" data-id=\"ea1b4da\" data-element_type=\"widget\" data-widget_type=\"heading.default\">\n\t\t\t\t<div class=\"elementor-widget-container\">\n\t\t\t<h4 class=\"elementor-heading-title elementor-size-default\">WYTRAWNY I NATURALNIE MUSUJ\u0104CY CYDR RZEMIE\u015aLNICZY<\/h4>\t\t<\/div>\n\t\t\t\t<\/div>\n\t\t\t\t<div class=\"elementor-element elementor-element-b8d506b elementor-widget elementor-widget-spacer\" data-id=\"b8d506b\" data-element_type=\"widget\" data-widget_type=\"spacer.default\">\n\t\t\t\t<div class=\"elementor-widget-container\">\n\t\t\t\t\t<div class=\"elementor-spacer\">\n\t\t\t<div class=\"elementor-spacer-inner\"><\/div>\n\t\t<\/div>\n\t\t\t\t<\/div>\n\t\t\t\t<\/div>\n\t\t\t\t<div class=\"elementor-element elementor-element-1ee731e elementor-widget elementor-widget-text-editor\" data-id=\"1ee731e\" data-element_type=\"widget\" data-widget_type=\"text-editor.default\">\n\t\t\t\t<div class=\"elementor-widget-container\">\n\t\t\t\t\t\t\t<p><strong>Szara &amp; Z\u0142ota Reneta<\/strong> jest wytrawnym cydrem jako\u015bciowym o esencjonalnym smaku i przyjemnej kwasowo\u015bci.\u00a0 Do produkcji u\u017cyli\u015bmy wy\u0142\u0105cznie \u015bwie\u017co t\u0142oczonego soku jab\u0142kowego, z wyselekcjonowanych jab\u0142ek, bez dodatku wody, substancji s\u0142odz\u0105cych, czy dwutlenku w\u0119gla.<\/p><table><tbody><tr><td width=\"123\"><h6>\u00a0ODMIANY:<\/h6><\/td><td width=\"302\">Szara Reneta, Z\u0142ota Reneta<\/td><\/tr><tr><td width=\"123\"><h6>\u00a0TECHNOLOGIA:<\/h6><\/td><td width=\"302\">Cydr produkowany metod\u0105 powolnej fermentacji (ok. 3 miesi\u0119cy) w niskiej temperaturze. Po butelkowaniu i zamkni\u0119ciu naturalnym korkiem refermentowany w butelce i dojrzewaj\u0105cy ok. 6 miesi\u0119cy. Cydr nie jest pasteryzowany, ani filtrowany<\/td><\/tr><tr><td width=\"123\"><h6>\u00a0ALKOHOL:<\/h6><\/td><td width=\"302\">7,2% obj.<\/td><\/tr><\/tbody><\/table>\t\t\t\t\t\t<\/div>\n\t\t\t\t<\/div>\n\t\t\t\t<div class=\"elementor-element elementor-element-92202c4 elementor-widget-divider--view-line elementor-widget elementor-widget-divider\" data-id=\"92202c4\" data-element_type=\"widget\" data-widget_type=\"divider.default\">\n\t\t\t\t<div class=\"elementor-widget-container\">\n\t\t\t\t\t<div class=\"elementor-divider\">\n\t\t\t<span class=\"elementor-divider-separator\">\n\t\t\t\t\t\t<\/span>\n\t\t<\/div>\n\t\t\t\t<\/div>\n\t\t\t\t<\/div>\n\t\t\t\t<div class=\"elementor-element elementor-element-bad6a17 elementor-widget elementor-widget-heading\" data-id=\"bad6a17\" data-element_type=\"widget\" data-widget_type=\"heading.default\">\n\t\t\t\t<div class=\"elementor-widget-container\">\n\t\t\t<h2 class=\"elementor-heading-title elementor-size-default\">OPIS DEGUSTACYJNY <br> OKO:\tZ\u0142oty kolor lekko prze\u0142amany pomara\u0144cz\u0105 <br>\n NOS:\tOrze\u017awiaj\u0105cy, owocowa intensywno\u015b\u0107, delikatna pestka.<br>\n USTA:\tEsencjonalny, orze\u017awiaj\u0105cy, intensywna kwasowo\u015b\u0107.\n<\/h2>\t\t<\/div>\n\t\t\t\t<\/div>\n\t\t\t\t<div class=\"elementor-element elementor-element-7ea1359 elementor-widget-divider--view-line elementor-widget elementor-widget-divider\" data-id=\"7ea1359\" data-element_type=\"widget\" data-widget_type=\"divider.default\">\n\t\t\t\t<div class=\"elementor-widget-container\">\n\t\t\t\t\t<div class=\"elementor-divider\">\n\t\t\t<span class=\"elementor-divider-separator\">\n\t\t\t\t\t\t<\/span>\n\t\t<\/div>\n\t\t\t\t<\/div>\n\t\t\t\t<\/div>\n\t\t\t\t<div class=\"elementor-element elementor-element-f1cc811 elementor-widget elementor-widget-heading\" data-id=\"f1cc811\" data-element_type=\"widget\" data-widget_type=\"heading.default\">\n\t\t\t\t<div class=\"elementor-widget-container\">\n\t\t\t<h5 class=\"elementor-heading-title elementor-size-default\">SERWOWANIE<\/h5>\t\t<\/div>\n\t\t\t\t<\/div>\n\t\t\t\t<div class=\"elementor-element elementor-element-4c82e1e elementor-widget elementor-widget-text-editor\" data-id=\"4c82e1e\" data-element_type=\"widget\" data-widget_type=\"text-editor.default\">\n\t\t\t\t<div class=\"elementor-widget-container\">\n\t\t\t\t\t\t\t<p>Szara &amp; Z\u0142ota Reneta mo\u017ce by\u0107 podawana jako aperitif, dobrze komponuje si\u0119 z daniami rybnymi i owocami morza.<br \/>Sugerowana temperatura serwowania: 10\u00b0 \u2013 12\u00b0C.<\/p>\t\t\t\t\t\t<\/div>\n\t\t\t\t<\/div>\n\t\t\t\t<div class=\"elementor-element elementor-element-46f3273 elementor-widget elementor-widget-heading\" data-id=\"46f3273\" data-element_type=\"widget\" data-widget_type=\"heading.default\">\n\t\t\t\t<div class=\"elementor-widget-container\">\n\t\t\t<h5 class=\"elementor-heading-title elementor-size-default\">NAGRODY<\/h5>\t\t<\/div>\n\t\t\t\t<\/div>\n\t\t\t\t<div class=\"elementor-element elementor-element-095fe56 elementor-widget elementor-widget-text-editor\" data-id=\"095fe56\" data-element_type=\"widget\" data-widget_type=\"text-editor.default\">\n\t\t\t\t<div class=\"elementor-widget-container\">\n\t\t\t\t\t\t\t<ul><li>Br\u0105zowy medal &#8211; Royal Bath &amp; West International Cider 2017, Somerset, Anglia<\/li><li>Br\u0105zowy medal &#8211; Royal Bath &amp; West International Cider 2018, Somerset, Anglia<\/li><\/ul>\t\t\t\t\t\t<\/div>\n\t\t\t\t<\/div>\n\t\t\t\t<div class=\"elementor-element elementor-element-28a0f2b elementor-widget elementor-widget-heading\" data-id=\"28a0f2b\" data-element_type=\"widget\" data-widget_type=\"heading.default\">\n\t\t\t\t<div class=\"elementor-widget-container\">\n\t\t\t<h5 class=\"elementor-heading-title elementor-size-default\">INFORMACJE ZAKUPOWE<\/h5>\t\t<\/div>\n\t\t\t\t<\/div>\n\t\t\t\t<div class=\"elementor-element elementor-element-e2524df elementor-widget elementor-widget-text-editor\" data-id=\"e2524df\" data-element_type=\"widget\" data-widget_type=\"text-editor.default\">\n\t\t\t\t<div class=\"elementor-widget-container\">\n\t\t\t\t\t\t\t<p>Szara &amp; Z\u0142ota Reneta dost\u0119pna jest w butelce o pojemno\u015bci 0,75 l, pakowanej po 6 sztuk w kartonie oraz w kegach PET 30 litr\u00f3w.<\/p>\t\t\t\t\t\t<\/div>\n\t\t\t\t<\/div>\n\t\t\t\t<div class=\"elementor-element elementor-element-1100445 elementor-hidden-desktop elementor-hidden-tablet elementor-widget elementor-widget-image\" data-id=\"1100445\" data-element_type=\"widget\" data-widget_type=\"image.default\">\n\t\t\t\t<div class=\"elementor-widget-container\">\n\t\t\t\t\t\t\t\t\t\t\t\t\t\t\t<img decoding=\"async\" loading=\"lazy\" width=\"216\" height=\"700\" src=\"https:\/\/cydrchyliczki.pl\/wp-content\/uploads\/2023\/08\/Reneta_2021.png\" class=\"attachment-large size-large wp-image-2294\" alt=\"\" srcset=\"https:\/\/cydrchyliczki.pl\/wp-content\/uploads\/2023\/08\/Reneta_2021.png 216w, https:\/\/cydrchyliczki.pl\/wp-content\/uploads\/2023\/08\/Reneta_2021-93x300.png 93w\" sizes=\"(max-width: 216px) 100vw, 216px\" \/>\t\t\t\t\t\t\t\t\t\t\t\t\t\t\t<\/div>\n\t\t\t\t<\/div>\n\t\t\t\t<div class=\"elementor-element elementor-element-3043ac5 elementor-widget elementor-widget-htmega-button-addons\" data-id=\"3043ac5\" data-element_type=\"widget\" data-widget_type=\"htmega-button-addons.default\">\n\t\t\t\t<div class=\"elementor-widget-container\">\n\t\t\t<div class=\"htmega-button htmega-btn-style-1 htmega-btn-shadow-0\"><a href=\"http:\/\/cydrchyliczki.pl\/#cydry\" class=\"htb-btn htmega-btn-size-md htmega-btn-effect-0\">Zobacz inne cydry<\/a><\/div>\t\t<\/div>\n\t\t\t\t<\/div>\n\t\t\t\t<div class=\"elementor-element elementor-element-5008a69 elementor-widget elementor-widget-spacer\" data-id=\"5008a69\" data-element_type=\"widget\" data-widget_type=\"spacer.default\">\n\t\t\t\t<div class=\"elementor-widget-container\">\n\t\t\t\t\t<div class=\"elementor-spacer\">\n\t\t\t<div class=\"elementor-spacer-inner\"><\/div>\n\t\t<\/div>\n\t\t\t\t<\/div>\n\t\t\t\t<\/div>\n\t\t\t\t\t<\/div>\n\t\t<\/div>\n\t\t\t\t<div class=\"elementor-column elementor-col-100 elementor-top-column elementor-element elementor-element-4edcf3d\" data-id=\"4edcf3d\" data-element_type=\"column\">\n\t\t\t<div class=\"elementor-widget-wrap elementor-element-populated\">\n\t\t\t\t\t\t\t\t<div class=\"elementor-element elementor-element-56e0d7f elementor-widget__width-initial elementor-fixed elementor-hidden-phone elementor-widget elementor-widget-image\" data-id=\"56e0d7f\" data-element_type=\"widget\" data-settings=\"{&quot;_position&quot;:&quot;fixed&quot;}\" data-widget_type=\"image.default\">\n\t\t\t\t<div class=\"elementor-widget-container\">\n\t\t\t\t\t\t\t\t\t\t\t\t\t\t\t<img decoding=\"async\" loading=\"lazy\" width=\"216\" height=\"700\" src=\"https:\/\/cydrchyliczki.pl\/wp-content\/uploads\/2023\/08\/Reneta_2021.png\" class=\"attachment-large size-large wp-image-2294\" alt=\"\" srcset=\"https:\/\/cydrchyliczki.pl\/wp-content\/uploads\/2023\/08\/Reneta_2021.png 216w, https:\/\/cydrchyliczki.pl\/wp-content\/uploads\/2023\/08\/Reneta_2021-93x300.png 93w\" sizes=\"(max-width: 216px) 100vw, 216px\" \/>\t\t\t\t\t\t\t\t\t\t\t\t\t\t\t<\/div>\n\t\t\t\t<\/div>\n\t\t\t\t\t<\/div>\n\t\t<\/div>\n\t\t\t\t\t\t\t<\/div>\n\t\t<\/section>\n\t\t\t\t\t\t\t<\/div>\n\t\t","protected":false},"excerpt":{"rendered":"<p>SZARA &#038; Z\u0141OTA RENETA 0,75 L WYTRAWNY I NATURALNIE MUSUJ\u0104CY CYDR RZEMIE\u015aLNICZY Szara &amp; Z\u0142ota Reneta jest wytrawnym cydrem jako\u015bciowym o esencjonalnym smaku i przyjemnej kwasowo\u015bci.\u00a0 Do produkcji u\u017cyli\u015bmy wy\u0142\u0105cznie \u015bwie\u017co t\u0142oczonego soku jab\u0142kowego, z wyselekcjonowanych jab\u0142ek, bez dodatku wody, substancji s\u0142odz\u0105cych, czy dwutlenku w\u0119gla. \u00a0ODMIANY: Szara Reneta, Z\u0142ota Reneta \u00a0TECHNOLOGIA: Cydr produkowany metod\u0105 powolnej &hellip;<\/p>\n<p class=\"read-more\"> <a class=\"\" href=\"https:\/\/cydrchyliczki.pl\/?p=318\"> <span class=\"screen-reader-text\">Szara i Z\u0142ota Renata 0,75l<\/span> Read More &raquo;<\/a><\/p>\n","protected":false},"author":1,"featured_media":2368,"comment_status":"closed","ping_status":"closed","sticky":false,"template":"elementor_canvas","format":"standard","meta":{"_monsterinsights_skip_tracking":false,"_monsterinsights_sitenote_active":false,"_monsterinsights_sitenote_note":"","_monsterinsights_sitenote_category":0,"site-sidebar-layout":"no-sidebar","site-content-layout":"default","ast-site-content-layout":"default","site-content-style":"default","site-sidebar-style":"default","ast-global-header-display":"","ast-banner-title-visibility":"","ast-main-header-display":"","ast-hfb-above-header-display":"","ast-hfb-below-header-display":"","ast-hfb-mobile-header-display":"","site-post-title":"","ast-breadcrumbs-content":"","ast-featured-img":"","footer-sml-layout":"","theme-transparent-header-meta":"disabled","adv-header-id-meta":"","stick-header-meta":"","header-above-stick-meta":"","header-main-stick-meta":"","header-below-stick-meta":"","astra-migrate-meta-layouts":"set","footnotes":""},"categories":[2],"tags":[],"aioseo_notices":[],"_links":{"self":[{"href":"https:\/\/cydrchyliczki.pl\/index.php?rest_route=\/wp\/v2\/posts\/318"}],"collection":[{"href":"https:\/\/cydrchyliczki.pl\/index.php?rest_route=\/wp\/v2\/posts"}],"about":[{"href":"https:\/\/cydrchyliczki.pl\/index.php?rest_route=\/wp\/v2\/types\/post"}],"author":[{"embeddable":true,"href":"https:\/\/cydrchyliczki.pl\/index.php?rest_route=\/wp\/v2\/users\/1"}],"replies":[{"embeddable":true,"href":"https:\/\/cydrchyliczki.pl\/index.php?rest_route=%2Fwp%2Fv2%2Fcomments&post=318"}],"version-history":[{"count":44,"href":"https:\/\/cydrchyliczki.pl\/index.php?rest_route=\/wp\/v2\/posts\/318\/revisions"}],"predecessor-version":[{"id":2369,"href":"https:\/\/cydrchyliczki.pl\/index.php?rest_route=\/wp\/v2\/posts\/318\/revisions\/2369"}],"wp:featuredmedia":[{"embeddable":true,"href":"https:\/\/cydrchyliczki.pl\/index.php?rest_route=\/wp\/v2\/media\/2368"}],"wp:attachment":[{"href":"https:\/\/cydrchyliczki.pl\/index.php?rest_route=%2Fwp%2Fv2%2Fmedia&parent=318"}],"wp:term":[{"taxonomy":"category","embeddable":true,"href":"https:\/\/cydrchyliczki.pl\/index.php?rest_route=%2Fwp%2Fv2%2Fcategories&post=318"},{"taxonomy":"post_tag","embeddable":true,"href":"https:\/\/cydrchyliczki.pl\/index.php?rest_route=%2Fwp%2Fv2%2Ftags&post=318"}],"curies":[{"name":"wp","href":"https:\/\/api.w.org\/{rel}","templated":true}]}}